{"id":3085,"date":"2023-12-14T11:52:09","date_gmt":"2023-12-14T16:52:09","guid":{"rendered":"https:\/\/blog.chouynard.ca\/?p=3085"},"modified":"2023-12-14T11:58:20","modified_gmt":"2023-12-14T16:58:20","slug":"le-lutin-espiegle","status":"publish","type":"post","link":"https:\/\/blog.chouynard.ca\/?p=3085","title":{"rendered":"Le lutin espi\u00e8gle"},"content":{"rendered":"\n<p>Le solstice hivernal s\u2019en vient \u00e0 grand pas. Les jours sont de plus en plus courts et il est normal que la lumi\u00e8re nous manque et que le moral des troupes soit en g\u00e9n\u00e9ral assez bas. Mais les cong\u00e9s statutaires prochains et les festivit\u00e9s \u00e0 venir, conduites selon les possibilit\u00e9s et les inspirations de chacun, nous aiderons \u00e0 passer une fois de plus le cap vers des jours meilleurs et l\u2019espoir d\u2019un printemps inspirant. Afin de participer \u00e0 une meilleure humeur collective les <strong><em>Chouynardises etc.<\/em><\/strong> est heureux de pr\u00e9senter cette image d\u2019un lutin particuli\u00e8rement espi\u00e8gle croqu\u00e9 dans un petit bois de Ste-Catherine-de-Hatley, en Estrie qu\u00e9b\u00e9coise.<\/p>\n\n\n\n<figure class=\"wp-block-image size-full is-style-default\"><a href=\"https:\/\/blog.chouynard.ca\/wp-content\/uploads\/2023\/12\/BonhomVert2022-scaled.jpg\"><img loading=\"lazy\" decoding=\"async\" width=\"2560\" height=\"1920\" src=\"https:\/\/blog.chouynard.ca\/wp-content\/uploads\/2023\/12\/BonhomVert2022-scaled.jpg\" alt=\"\" class=\"wp-image-3086\" srcset=\"https:\/\/blog.chouynard.ca\/wp-content\/uploads\/2023\/12\/BonhomVert2022-scaled.jpg 2560w, https:\/\/blog.chouynard.ca\/wp-content\/uploads\/2023\/12\/BonhomVert2022-300x225.jpg 300w\" sizes=\"auto, (max-width: 2560px) 100vw, 2560px\" \/><\/a><figcaption class=\"wp-element-caption\"><em>Surpris dans le d\u00e9tour, cet \u00eatre \u00e9trange aux allures de petit bonhomme vert de l\u2019espace, s\u2019est comme momifi\u00e9 \u00e0 l\u2019instant devant nous et il fut impossible de le r\u00e9animer. Dommage!  Photo prise en 2022 <\/em><\/figcaption><\/figure>\n","protected":false},"excerpt":{"rendered":"<p>Le solstice hivernal s\u2019en vient \u00e0 grand pas. Les jours sont de plus en plus courts et il est normal que la lumi\u00e8re nous manque et que le moral des troupes soit en g\u00e9n\u00e9ral assez bas. Mais les cong\u00e9s statutaires &hellip; <a href=\"https:\/\/blog.chouynard.ca\/?p=3085\">Continuer la lecture <span class=\"meta-nav\">&rarr;<\/span><\/a><\/p>\n","protected":false},"author":4,"featured_media":0,"comment_status":"open","ping_status":"open","sticky":false,"template":"","format":"standard","meta":{"ngg_post_thumbnail":0,"footnotes":""},"categories":[1,145],"tags":[434,117,246,435,433],"class_list":["post-3085","post","type-post","status-publish","format-standard","hentry","category-eclectique","category-photo-de-la-semaine","tag-estrie","tag-hiver","tag-lumiere","tag-lutin","tag-solstice"],"jetpack_featured_media_url":"","_links":{"self":[{"href":"https:\/\/blog.chouynard.ca\/index.php?rest_route=\/wp\/v2\/posts\/3085","targetHints":{"allow":["GET"]}}],"collection":[{"href":"https:\/\/blog.chouynard.ca\/index.php?rest_route=\/wp\/v2\/posts"}],"about":[{"href":"https:\/\/blog.chouynard.ca\/index.php?rest_route=\/wp\/v2\/types\/post"}],"author":[{"embeddable":true,"href":"https:\/\/blog.chouynard.ca\/index.php?rest_route=\/wp\/v2\/users\/4"}],"replies":[{"embeddable":true,"href":"https:\/\/blog.chouynard.ca\/index.php?rest_route=%2Fwp%2Fv2%2Fcomments&post=3085"}],"version-history":[{"count":4,"href":"https:\/\/blog.chouynard.ca\/index.php?rest_route=\/wp\/v2\/posts\/3085\/revisions"}],"predecessor-version":[{"id":3091,"href":"https:\/\/blog.chouynard.ca\/index.php?rest_route=\/wp\/v2\/posts\/3085\/revisions\/3091"}],"wp:attachment":[{"href":"https:\/\/blog.chouynard.ca\/index.php?rest_route=%2Fwp%2Fv2%2Fmedia&parent=3085"}],"wp:term":[{"taxonomy":"category","embeddable":true,"href":"https:\/\/blog.chouynard.ca\/index.php?rest_route=%2Fwp%2Fv2%2Fcategories&post=3085"},{"taxonomy":"post_tag","embeddable":true,"href":"https:\/\/blog.chouynard.ca\/index.php?rest_route=%2Fwp%2Fv2%2Ftags&post=3085"}],"curies":[{"name":"wp","href":"https:\/\/api.w.org\/{rel}","templated":true}]}}