{"id":3093,"date":"2023-12-22T13:29:54","date_gmt":"2023-12-22T18:29:54","guid":{"rendered":"https:\/\/blog.chouynard.ca\/?p=3093"},"modified":"2023-12-22T13:33:43","modified_gmt":"2023-12-22T18:33:43","slug":"un-beau-noel-blanc","status":"publish","type":"post","link":"https:\/\/blog.chouynard.ca\/?p=3093","title":{"rendered":"Un beau No\u00ebl blanc"},"content":{"rendered":"\n<p>Les hivers se suivent mais ne se ressemblent pas. D\u2019aucuns se souviennent de no\u00ebls sans neige au si\u00e8cle dernier. L\u2019auteur se souvient m\u00eame d\u2019avoir assist\u00e9 dans sa jeunesse, vers fin des ann\u00e9es 1950 en Gasp\u00e9sie, \u00e0 une messe de minuit en <em>petits souliers fins<\/em> comme disait sa maman. C\u2019est pour dire!<br>D\u2019ailleurs une compilation int\u00e9ressante faite par la m\u00e9t\u00e9orologue Eve Christian paru le 18 d\u00e9cembre 2015 sur l\u2019info de Radio-Canada confirme qu\u2019il n\u2019y avait pas de neige au sol le 25 d\u00e9cembre 1957 (<a rel=\"noreferrer noopener\" href=\"https:\/\/ici.radio-canada.ca\/nouvelle\/755868\/noel-blanc-neige-precipitations-meteo-rechauffement-climatique\" data-type=\"link\" data-id=\"https:\/\/ici.radio-canada.ca\/nouvelle\/755868\/noel-blanc-neige-precipitations-meteo-rechauffement-climatique\" target=\"_blank\">consulter l\u2019article<\/a>). Ceci c\u2019est pour Montr\u00e9al, mais comme encore cette ann\u00e9e, il n\u2019y avait probablement pas un seul brin de neige sur la pointe de la Gasp\u00e9sie.<\/p>\n\n\n\n<figure class=\"wp-block-image size-large is-style-default\"><a href=\"https:\/\/blog.chouynard.ca\/wp-content\/uploads\/2023\/12\/DeneigmiJanv2010-scaled.jpg\"><img loading=\"lazy\" decoding=\"async\" width=\"1024\" height=\"641\" src=\"https:\/\/blog.chouynard.ca\/wp-content\/uploads\/2023\/12\/DeneigmiJanv2010-1024x641.jpg\" alt=\"\" class=\"wp-image-3094\" srcset=\"https:\/\/blog.chouynard.ca\/wp-content\/uploads\/2023\/12\/DeneigmiJanv2010-1024x641.jpg 1024w, https:\/\/blog.chouynard.ca\/wp-content\/uploads\/2023\/12\/DeneigmiJanv2010-300x188.jpg 300w, https:\/\/blog.chouynard.ca\/wp-content\/uploads\/2023\/12\/DeneigmiJanv2010-768x481.jpg 768w, https:\/\/blog.chouynard.ca\/wp-content\/uploads\/2023\/12\/DeneigmiJanv2010-1536x961.jpg 1536w, https:\/\/blog.chouynard.ca\/wp-content\/uploads\/2023\/12\/DeneigmiJanv2010-2048x1281.jpg 2048w\" sizes=\"auto, (max-width: 1024px) 100vw, 1024px\" \/><\/a><figcaption class=\"wp-element-caption\"><em>Il est peu probablement d\u2019avoir un No\u00ebl blanc en 2023. Cependant, en 2010 \u00e0 Qu\u00e9bec, il a fallu faire d\u00e9neiger les toitures de ces maisons en rang\u00e9e aussi t\u00f4t qu\u2019\u00e0 la mi-janvier, en raison d\u2019une trop grande abondance de neige. Chose qui, pour l\u2019ensemble des hivers, s\u2019av\u00e8re une exception. Photo prise en 2010 <\/em><\/figcaption><\/figure>\n\n\n\n<p><\/p>\n","protected":false},"excerpt":{"rendered":"<p>Les hivers se suivent mais ne se ressemblent pas. D\u2019aucuns se souviennent de no\u00ebls sans neige au si\u00e8cle dernier. L\u2019auteur se souvient m\u00eame d\u2019avoir assist\u00e9 dans sa jeunesse, vers fin des ann\u00e9es 1950 en Gasp\u00e9sie, \u00e0 une messe de minuit &hellip; <a href=\"https:\/\/blog.chouynard.ca\/?p=3093\">Continuer la lecture <span class=\"meta-nav\">&rarr;<\/span><\/a><\/p>\n","protected":false},"author":4,"featured_media":0,"comment_status":"open","ping_status":"open","sticky":false,"template":"","format":"standard","meta":{"ngg_post_thumbnail":0,"footnotes":""},"categories":[1,145,123],"tags":[401,288,117,184,122],"class_list":["post-3093","post","type-post","status-publish","format-standard","hentry","category-eclectique","category-photo-de-la-semaine","category-souvenir","tag-climat","tag-gaspesie","tag-hiver","tag-neige","tag-noel"],"jetpack_featured_media_url":"","_links":{"self":[{"href":"https:\/\/blog.chouynard.ca\/index.php?rest_route=\/wp\/v2\/posts\/3093","targetHints":{"allow":["GET"]}}],"collection":[{"href":"https:\/\/blog.chouynard.ca\/index.php?rest_route=\/wp\/v2\/posts"}],"about":[{"href":"https:\/\/blog.chouynard.ca\/index.php?rest_route=\/wp\/v2\/types\/post"}],"author":[{"embeddable":true,"href":"https:\/\/blog.chouynard.ca\/index.php?rest_route=\/wp\/v2\/users\/4"}],"replies":[{"embeddable":true,"href":"https:\/\/blog.chouynard.ca\/index.php?rest_route=%2Fwp%2Fv2%2Fcomments&post=3093"}],"version-history":[{"count":8,"href":"https:\/\/blog.chouynard.ca\/index.php?rest_route=\/wp\/v2\/posts\/3093\/revisions"}],"predecessor-version":[{"id":3104,"href":"https:\/\/blog.chouynard.ca\/index.php?rest_route=\/wp\/v2\/posts\/3093\/revisions\/3104"}],"wp:attachment":[{"href":"https:\/\/blog.chouynard.ca\/index.php?rest_route=%2Fwp%2Fv2%2Fmedia&parent=3093"}],"wp:term":[{"taxonomy":"category","embeddable":true,"href":"https:\/\/blog.chouynard.ca\/index.php?rest_route=%2Fwp%2Fv2%2Fcategories&post=3093"},{"taxonomy":"post_tag","embeddable":true,"href":"https:\/\/blog.chouynard.ca\/index.php?rest_route=%2Fwp%2Fv2%2Ftags&post=3093"}],"curies":[{"name":"wp","href":"https:\/\/api.w.org\/{rel}","templated":true}]}}