{"id":3213,"date":"2025-01-22T15:19:29","date_gmt":"2025-01-22T20:19:29","guid":{"rendered":"https:\/\/blog.chouynard.ca\/?p=3213"},"modified":"2025-01-22T15:19:29","modified_gmt":"2025-01-22T20:19:29","slug":"nos-racines","status":"publish","type":"post","link":"https:\/\/blog.chouynard.ca\/?p=3213","title":{"rendered":"Nos racines"},"content":{"rendered":"\n<p>L\u2019expression Qu\u00e9b\u00e9cois \u00abde souche\u00bb r\u00e9f\u00e8re aux personnes depuis longtemps r\u00e9sidentes du territoire. En fait, c\u2019est beaucoup plus qu&rsquo;\u00eatre r\u00e9sident. Il faut qu\u2019une telle personne ait des \u00abracines\u00bb anciennes en ce pays. Il faut que ses anc\u00eatres aient v\u00e9cu longtemps sur le territoire. Combien de temps? Ce n\u2019est pas tr\u00e8s clair ou pr\u00e9cis mais c\u2019est \u00ablongtemps\u00bb.<\/p>\n\n\n\n<figure class=\"wp-block-image size-large\"><a href=\"https:\/\/blog.chouynard.ca\/wp-content\/uploads\/2025\/01\/Racines2013-scaled.jpg\"><img loading=\"lazy\" decoding=\"async\" width=\"1024\" height=\"768\" src=\"https:\/\/blog.chouynard.ca\/wp-content\/uploads\/2025\/01\/Racines2013-1024x768.jpg\" alt=\"\" class=\"wp-image-3214\" srcset=\"https:\/\/blog.chouynard.ca\/wp-content\/uploads\/2025\/01\/Racines2013-1024x768.jpg 1024w, https:\/\/blog.chouynard.ca\/wp-content\/uploads\/2025\/01\/Racines2013-300x225.jpg 300w, https:\/\/blog.chouynard.ca\/wp-content\/uploads\/2025\/01\/Racines2013-768x576.jpg 768w, https:\/\/blog.chouynard.ca\/wp-content\/uploads\/2025\/01\/Racines2013-1536x1152.jpg 1536w, https:\/\/blog.chouynard.ca\/wp-content\/uploads\/2025\/01\/Racines2013-2048x1536.jpg 2048w\" sizes=\"auto, (max-width: 1024px) 100vw, 1024px\" \/><\/a><figcaption class=\"wp-element-caption\">C\u2019est toujours fascinant de voir un tel tapis de racines \u00e0 d\u00e9couvert. Les sous-bois de r\u00e9sineux sont souvent des endroits de pr\u00e9dilection pour voir ce ph\u00e9nom\u00e8ne. Photo prise en 2013<br><\/figcaption><\/figure>\n\n\n\n<p>Mais, par del\u00e0 ce concept, c\u2019est aussi une question d\u2019int\u00e9gration \u00e0 la communaut\u00e9 en son ensemble, de connaissance et surtout de pratique des us, coutumes et traditions en vigueur. C\u2019est aussi une volont\u00e9 assum\u00e9e d\u2019en vivre la culture et de faire partie de ladite communaut\u00e9. Donc, il faut que les racines soient nombreuses, diversifi\u00e9es, fortes et durables.<br><\/p>\n\n\n\n<p>Parce que les racines, au fond, c\u2019est ce qui supporte et alimente la\u2026<strong>souche<\/strong>!<\/p>\n\n\n\n<p>Alors que les \u00abde souche\u00bb c\u00e9l\u00e9braient hier, 21 janvier, leur drapeau national, le fleurdelys\u00e9, souhaitons leurs, ainsi qu\u2019\u00e0 tous les \u00abde souche en devenir\u00bb, c\u2019est \u00e0 dire ceux qui s&rsquo;efforcent au quotidien, de d\u00e9velopper et de fortifier leurs racines qu\u00e9b\u00e9coises, un tr\u00e8s heureux anniversaire.<\/p>\n","protected":false},"excerpt":{"rendered":"<p>L\u2019expression Qu\u00e9b\u00e9cois \u00abde souche\u00bb r\u00e9f\u00e8re aux personnes depuis longtemps r\u00e9sidentes du territoire. En fait, c\u2019est beaucoup plus qu&rsquo;\u00eatre r\u00e9sident. Il faut qu\u2019une telle personne ait des \u00abracines\u00bb anciennes en ce pays. Il faut que ses anc\u00eatres aient v\u00e9cu longtemps sur &hellip; <a href=\"https:\/\/blog.chouynard.ca\/?p=3213\">Continuer la lecture <span class=\"meta-nav\">&rarr;<\/span><\/a><\/p>\n","protected":false},"author":4,"featured_media":0,"comment_status":"open","ping_status":"open","sticky":false,"template":"","format":"standard","meta":{"ngg_post_thumbnail":0,"footnotes":""},"categories":[21,1,145],"tags":[446,219,456,91,52,55],"class_list":["post-3213","post","type-post","status-publish","format-standard","hentry","category-billet-2","category-eclectique","category-photo-de-la-semaine","tag-coutume","tag-culture","tag-de-souche","tag-drapeau","tag-fleur-de-lys","tag-quebec"],"jetpack_featured_media_url":"","_links":{"self":[{"href":"https:\/\/blog.chouynard.ca\/index.php?rest_route=\/wp\/v2\/posts\/3213","targetHints":{"allow":["GET"]}}],"collection":[{"href":"https:\/\/blog.chouynard.ca\/index.php?rest_route=\/wp\/v2\/posts"}],"about":[{"href":"https:\/\/blog.chouynard.ca\/index.php?rest_route=\/wp\/v2\/types\/post"}],"author":[{"embeddable":true,"href":"https:\/\/blog.chouynard.ca\/index.php?rest_route=\/wp\/v2\/users\/4"}],"replies":[{"embeddable":true,"href":"https:\/\/blog.chouynard.ca\/index.php?rest_route=%2Fwp%2Fv2%2Fcomments&post=3213"}],"version-history":[{"count":8,"href":"https:\/\/blog.chouynard.ca\/index.php?rest_route=\/wp\/v2\/posts\/3213\/revisions"}],"predecessor-version":[{"id":3222,"href":"https:\/\/blog.chouynard.ca\/index.php?rest_route=\/wp\/v2\/posts\/3213\/revisions\/3222"}],"wp:attachment":[{"href":"https:\/\/blog.chouynard.ca\/index.php?rest_route=%2Fwp%2Fv2%2Fmedia&parent=3213"}],"wp:term":[{"taxonomy":"category","embeddable":true,"href":"https:\/\/blog.chouynard.ca\/index.php?rest_route=%2Fwp%2Fv2%2Fcategories&post=3213"},{"taxonomy":"post_tag","embeddable":true,"href":"https:\/\/blog.chouynard.ca\/index.php?rest_route=%2Fwp%2Fv2%2Ftags&post=3213"}],"curies":[{"name":"wp","href":"https:\/\/api.w.org\/{rel}","templated":true}]}}