{"id":456,"date":"2012-04-30T13:57:46","date_gmt":"2012-04-30T17:57:46","guid":{"rendered":"https:\/\/blog.chouynard.ca\/?p=456"},"modified":"2012-05-03T09:42:11","modified_gmt":"2012-05-03T13:42:11","slug":"expositions-en-arts-visuel","status":"publish","type":"post","link":"https:\/\/blog.chouynard.ca\/?p=456","title":{"rendered":"Expositions en arts visuels"},"content":{"rendered":"<p>Voici deux expositions que les amateurs de la r\u00e9gion de Qu\u00e9bec ne voudront pas manquer.<\/p>\n<p>En tous cas, moi je vais y aller, plut\u00f4t plusieurs fois qu&rsquo;une&#8230;! \ud83d\ude09<\/p>\n<div id=\"attachment_460\" style=\"width: 240px\" class=\"wp-caption alignleft\"><a href=\"https:\/\/blog.chouynard.ca\/wp-content\/uploads\/2012\/04\/EXPO2012.jpeg\"><img loading=\"lazy\" decoding=\"async\" aria-describedby=\"caption-attachment-460\" class=\" wp-image-460  \" title=\"EXPO2012\" src=\"https:\/\/blog.chouynard.ca\/wp-content\/uploads\/2012\/04\/EXPO2012-676x1024.jpg\" alt=\"\" width=\"230\" height=\"349\" srcset=\"https:\/\/blog.chouynard.ca\/wp-content\/uploads\/2012\/04\/EXPO2012-676x1024.jpg 676w, https:\/\/blog.chouynard.ca\/wp-content\/uploads\/2012\/04\/EXPO2012-198x300.jpg 198w, https:\/\/blog.chouynard.ca\/wp-content\/uploads\/2012\/04\/EXPO2012.jpeg 998w\" sizes=\"auto, (max-width: 230px) 100vw, 230px\" \/><\/a><p id=\"caption-attachment-460\" class=\"wp-caption-text\">Affichette de Expo 2012<\/p><\/div>\n<p>La premi\u00e8re : Le Centre communautaire No\u00ebl-Br\u00fblart de Sillery, durant une fin de semaine \u00e0 chaque ann\u00e9e, propose de d\u00e9couvrir le travail accompli durant cette p\u00e9riode annuelle par ceux qui suivent les diff\u00e9rents ateliers.<\/p>\n<p>Ces derniers\u00a0 regroupent l&rsquo;\u00c9cole de vitrail Carole Deslauriers, la Guilde des denteli\u00e8res et brodeuses, les Ateliers d&rsquo;aquarelle et de peinture Teresa Pacheco, les Pastellistes du jeudi soir, les Courtepointi\u00e8res appliqu\u00e9es et le tissage de La Ruche.<\/p>\n<p>L&rsquo;exposition sera ouverte les 5 et 6 mai 2012 et le vernissage aura lieu le\u00a0 vendredi 4 mai \u00e0 19h.<\/p>\n<p>Le Centre communautaire No\u00ebl-Br\u00fblart est situ\u00e9 au 1229, avenue du Chanoine-Morel, Qu\u00e9bec (Sillery). Il n&rsquo;y a aucun co\u00fbt d&rsquo;entr\u00e9e.<!--more--><br \/>\nPour ma part, je pr\u00e9senterai quelques-unes de mes oeuvres r\u00e9centes, notamment une aquarelle et six tableaux \u00e0 l&rsquo;huile que j&rsquo;ai r\u00e9alis\u00e9s en 2011-2012 aux Ateliers T. Pacheco.<\/p>\n<p>Question d&rsquo;animation sur place, j&rsquo;ajouterai un peu de couleur sur une de mes toiles en cours de r\u00e9alisation le dimanche 6 mai.<\/p>\n<p>Venez me faire part de vos r\u00e9actions!<\/p>\n<p>L&rsquo;autre \u00e9v\u00e9nement : l&rsquo;Exposition de peinture et de sculpture du club de Qu\u00e9bec de l&rsquo;Association des Dipl\u00f4m\u00e9s de l&rsquo;Universit\u00e9 Laval (<a title=\"ADUL\" href=\"http:\/\/www.adul.ulaval.ca\/sgc\/site\/adul\/pid\/19674\" target=\"_blank\">ADUL<\/a>).<\/p>\n<p>Il se tient du 7 au 18 mai 2012 au Pavillon Desjardins du campus, local 2470. L&rsquo;entr\u00e9e est gratuite et la salle est ouverte en semaine de 9 \u00e0 17 heures. Le week-end, soit les 12 et 13\u00a0 mai, l&rsquo;exposition est ouverte de 12 \u00e0 16 heures.<\/p>\n<p>Le th\u00e8me de l&rsquo;exposition de cette ann\u00e9e, <em>Moments de libert\u00e9<\/em>, aura s\u00fbrement inspir\u00e9 les nombreux participants.<\/p>\n<p><strong><span style=\"color: #9a010e;\"><span style=\"font-size: x-small;\"><br style=\"font-size: x-small;\" \/><\/span><\/span><\/strong><\/p>\n","protected":false},"excerpt":{"rendered":"<p>Voici deux expositions que les amateurs de la r\u00e9gion de Qu\u00e9bec ne voudront pas manquer. En tous cas, moi je vais y aller, plut\u00f4t plusieurs fois qu&rsquo;une&#8230;! \ud83d\ude09 La premi\u00e8re : Le Centre communautaire No\u00ebl-Br\u00fblart de Sillery, durant une fin &hellip; <a href=\"https:\/\/blog.chouynard.ca\/?p=456\">Continuer la lecture <span class=\"meta-nav\">&rarr;<\/span><\/a><\/p>\n","protected":false},"author":4,"featured_media":0,"comment_status":"open","ping_status":"open","sticky":false,"template":"","format":"standard","meta":{"ngg_post_thumbnail":0,"footnotes":""},"categories":[22],"tags":[42,45,40,43,41,44],"class_list":["post-456","post","type-post","status-publish","format-standard","hentry","category-annonce","tag-adul","tag-aquarelle","tag-arts-visuels","tag-ateliers-t-pacheco","tag-exposition","tag-peinture"],"jetpack_featured_media_url":"","_links":{"self":[{"href":"https:\/\/blog.chouynard.ca\/index.php?rest_route=\/wp\/v2\/posts\/456","targetHints":{"allow":["GET"]}}],"collection":[{"href":"https:\/\/blog.chouynard.ca\/index.php?rest_route=\/wp\/v2\/posts"}],"about":[{"href":"https:\/\/blog.chouynard.ca\/index.php?rest_route=\/wp\/v2\/types\/post"}],"author":[{"embeddable":true,"href":"https:\/\/blog.chouynard.ca\/index.php?rest_route=\/wp\/v2\/users\/4"}],"replies":[{"embeddable":true,"href":"https:\/\/blog.chouynard.ca\/index.php?rest_route=%2Fwp%2Fv2%2Fcomments&post=456"}],"version-history":[{"count":35,"href":"https:\/\/blog.chouynard.ca\/index.php?rest_route=\/wp\/v2\/posts\/456\/revisions"}],"predecessor-version":[{"id":489,"href":"https:\/\/blog.chouynard.ca\/index.php?rest_route=\/wp\/v2\/posts\/456\/revisions\/489"}],"wp:attachment":[{"href":"https:\/\/blog.chouynard.ca\/index.php?rest_route=%2Fwp%2Fv2%2Fmedia&parent=456"}],"wp:term":[{"taxonomy":"category","embeddable":true,"href":"https:\/\/blog.chouynard.ca\/index.php?rest_route=%2Fwp%2Fv2%2Fcategories&post=456"},{"taxonomy":"post_tag","embeddable":true,"href":"https:\/\/blog.chouynard.ca\/index.php?rest_route=%2Fwp%2Fv2%2Ftags&post=456"}],"curies":[{"name":"wp","href":"https:\/\/api.w.org\/{rel}","templated":true}]}}