{"id":690,"date":"2012-06-20T18:45:51","date_gmt":"2012-06-20T22:45:51","guid":{"rendered":"https:\/\/blog.chouynard.ca\/?p=690"},"modified":"2012-06-21T06:30:45","modified_gmt":"2012-06-21T10:30:45","slug":"fleur-de-lysez-vous","status":"publish","type":"post","link":"https:\/\/blog.chouynard.ca\/?p=690","title":{"rendered":"Fleur-de-lysez-vous?"},"content":{"rendered":"<div id=\"attachment_697\" style=\"width: 1469px\" class=\"wp-caption alignleft\"><a href=\"https:\/\/blog.chouynard.ca\/wp-content\/uploads\/2012\/06\/IMG_9694post1.jpg\"><img loading=\"lazy\" decoding=\"async\" aria-describedby=\"caption-attachment-697\" class=\"size-full wp-image-697\" title=\"IMG_9694post\" src=\"https:\/\/blog.chouynard.ca\/wp-content\/uploads\/2012\/06\/IMG_9694post1.jpg\" alt=\"\" width=\"1459\" height=\"1042\" srcset=\"https:\/\/blog.chouynard.ca\/wp-content\/uploads\/2012\/06\/IMG_9694post1.jpg 1459w, https:\/\/blog.chouynard.ca\/wp-content\/uploads\/2012\/06\/IMG_9694post1-300x214.jpg 300w, https:\/\/blog.chouynard.ca\/wp-content\/uploads\/2012\/06\/IMG_9694post1-1024x731.jpg 1024w\" sizes=\"auto, (max-width: 1459px) 100vw, 1459px\" \/><\/a><p id=\"caption-attachment-697\" class=\"wp-caption-text\">\u00c9talage d&rsquo;un artiste de rue au French Market de la Nouvelle-Orl\u00e9ans.<\/p><\/div>\n<p>&nbsp;<\/p>\n<p>De passage \u00e0 la Nouvelle-Orl\u00e9ans en avril dernier, j&rsquo;ai \u00e9t\u00e9 fort \u00e9tonn\u00e9 de voir \u00e0 r\u00e9p\u00e9tition, un peu partout dans la ville, et utilis\u00e9e pour toutes sortes de raisons, un id\u00e9ogramme que plusieurs qu\u00e9b\u00e9cois consid\u00e8rent comme leur embl\u00e8me national.<\/p>\n<p>La fleur de lys se retrouve en effet de mani\u00e8re omnipr\u00e9sente dans la capitale de la Louisiane, aussi amicalement surnomm\u00e9e The Big Easy, Nawlins ou Nola. La premi\u00e8re partie de mon <a href=\"https:\/\/blog.chouynard.ca\/?page_id=630\" target=\"_blank\">carnet de voyage 2012 \u00e0 Nola<\/a> porte donc, en cette veille de la F\u00eate Nationale qu\u00e9b\u00e9coise, sur une fleur de lys am\u00e9ricaine.<\/p>\n<p><!--more--><\/p>\n<p>De fil en aiguille, en pr\u00e9parant mon carnet, je me suis pos\u00e9 quelques questions sur l&rsquo;origine et la place de ce <em>meuble h\u00e9raldique <\/em>(c&rsquo;est le jargon de la discipline). <a href=\"http:\/\/fr.wikipedia.org\/wiki\/Fleur_de_lys\" target=\"_blank\">Wikipedia<\/a> vous racontera l&rsquo;histoire mieux que moi, mais la phrase suivante, trouv\u00e9 \u00e0 cet endroit, m&rsquo;a questionn\u00e9 : \u00abLa ville de Qu\u00e9bec est tr\u00e8s certainement la ville nord-am\u00e9ricaine la plus fleurie de lys. Dans le seul secteur de la vieille ville, plus de 650 fleurs de lys ornent l&rsquo;ext\u00e9rieur des \u00e9difices\u00bb.<\/p>\n<p>Demeurant \u00e0 Qu\u00e9bec depuis quelques dizaines d&rsquo;ann\u00e9es et ayant \u00e9lu domicile directement dans le Vieux durant plusieurs ann\u00e9es, il me semble qu&rsquo;il n&rsquo;y en avait pas tant. Donc, j&rsquo;y retourne et y passe quelques heures pour constater que c&rsquo;est bien vrai qu&rsquo;on peut devenir un peu sourd et aveugle \u00e0 son environnement. J&rsquo;ai en effet trouv\u00e9 plusieurs fleurs de lys et j&rsquo;ajouterai sous peu un autre petit carnet pour les montrer. Je n&rsquo;en ai pas trouv\u00e9 autant qu&rsquo;il \u00e9tait annonc\u00e9 cependant.<\/p>\n<div id=\"attachment_705\" style=\"width: 2271px\" class=\"wp-caption alignleft\"><a href=\"https:\/\/blog.chouynard.ca\/wp-content\/uploads\/2012\/06\/IMG_0327post.jpg\"><img loading=\"lazy\" decoding=\"async\" aria-describedby=\"caption-attachment-705\" class=\"size-full wp-image-705\" title=\"IMG_0327post\" src=\"https:\/\/blog.chouynard.ca\/wp-content\/uploads\/2012\/06\/IMG_0327post.jpg\" alt=\"\" width=\"2261\" height=\"1330\" srcset=\"https:\/\/blog.chouynard.ca\/wp-content\/uploads\/2012\/06\/IMG_0327post.jpg 2261w, https:\/\/blog.chouynard.ca\/wp-content\/uploads\/2012\/06\/IMG_0327post-300x176.jpg 300w, https:\/\/blog.chouynard.ca\/wp-content\/uploads\/2012\/06\/IMG_0327post-1024x602.jpg 1024w\" sizes=\"auto, (max-width: 2261px) 100vw, 2261px\" \/><\/a><p id=\"caption-attachment-705\" class=\"wp-caption-text\">Le drapeau du Qu\u00e9bec, adopt\u00e9 le 21 janvier 1948, est un leg du gouvernement conservateur de Maurice Duplessis.<\/p><\/div>\n","protected":false},"excerpt":{"rendered":"<p>Fleurs de lys, embl\u00e8me des N\u00e9o-Orl\u00e9anais et des Qu\u00e9b\u00e9cois? En fait, une r\u00e9cente visite dans la capitale louisianaise nous a pos\u00e9 la question. \u00c0 l&rsquo;approche de la F\u00eate Nationale du Qu\u00e9bec, un peu de fleurs de lys ne devrait pas faire tord quiconque et, cela nous changera des carr\u00e9s rouges! <a href=\"https:\/\/blog.chouynard.ca\/?p=690\">Continuer la lecture <span class=\"meta-nav\">&rarr;<\/span><\/a><\/p>\n","protected":false},"author":4,"featured_media":0,"comment_status":"open","ping_status":"open","sticky":false,"template":"","format":"standard","meta":{"ngg_post_thumbnail":0,"footnotes":""},"categories":[21],"tags":[7,52,53,63],"class_list":["post-690","post","type-post","status-publish","format-standard","hentry","category-billet-2","tag-billet","tag-fleur-de-lys","tag-nouvelle-orleans","tag-vieux-quebec"],"jetpack_featured_media_url":"","_links":{"self":[{"href":"https:\/\/blog.chouynard.ca\/index.php?rest_route=\/wp\/v2\/posts\/690","targetHints":{"allow":["GET"]}}],"collection":[{"href":"https:\/\/blog.chouynard.ca\/index.php?rest_route=\/wp\/v2\/posts"}],"about":[{"href":"https:\/\/blog.chouynard.ca\/index.php?rest_route=\/wp\/v2\/types\/post"}],"author":[{"embeddable":true,"href":"https:\/\/blog.chouynard.ca\/index.php?rest_route=\/wp\/v2\/users\/4"}],"replies":[{"embeddable":true,"href":"https:\/\/blog.chouynard.ca\/index.php?rest_route=%2Fwp%2Fv2%2Fcomments&post=690"}],"version-history":[{"count":32,"href":"https:\/\/blog.chouynard.ca\/index.php?rest_route=\/wp\/v2\/posts\/690\/revisions"}],"predecessor-version":[{"id":738,"href":"https:\/\/blog.chouynard.ca\/index.php?rest_route=\/wp\/v2\/posts\/690\/revisions\/738"}],"wp:attachment":[{"href":"https:\/\/blog.chouynard.ca\/index.php?rest_route=%2Fwp%2Fv2%2Fmedia&parent=690"}],"wp:term":[{"taxonomy":"category","embeddable":true,"href":"https:\/\/blog.chouynard.ca\/index.php?rest_route=%2Fwp%2Fv2%2Fcategories&post=690"},{"taxonomy":"post_tag","embeddable":true,"href":"https:\/\/blog.chouynard.ca\/index.php?rest_route=%2Fwp%2Fv2%2Ftags&post=690"}],"curies":[{"name":"wp","href":"https:\/\/api.w.org\/{rel}","templated":true}]}}