{"id":767,"date":"2012-06-23T17:50:36","date_gmt":"2012-06-23T21:50:36","guid":{"rendered":"https:\/\/blog.chouynard.ca\/?p=767"},"modified":"2012-06-23T18:21:00","modified_gmt":"2012-06-23T22:21:00","slug":"fleurs-de-lys-et-carres-rouges","status":"publish","type":"post","link":"https:\/\/blog.chouynard.ca\/?p=767","title":{"rendered":"Fleurs de lys et carr\u00e9s rouges"},"content":{"rendered":"<p>Oui, la chaleur \u00e9tait bonne \u00e0 Qu\u00e9bec hier et le rassemblement devant le parlement avait des airs de f\u00eate. \u00c0 quelques heures de la F\u00eate Nationale, des Qu\u00e9b\u00e9cois de toutes origines et d&rsquo;un peu partout au Qu\u00e9bec s&rsquo;\u00e9taient donn\u00e9s rendez-vous pour marquer l&rsquo;\u00e9t\u00e9 et pour protester un peu&#8230;<\/p>\n<div id=\"attachment_768\" style=\"width: 3648px\" class=\"wp-caption alignleft\"><a href=\"https:\/\/blog.chouynard.ca\/wp-content\/uploads\/2012\/06\/IMG_0392.jpg\"><img loading=\"lazy\" decoding=\"async\" aria-describedby=\"caption-attachment-768\" class=\"size-full wp-image-768\" title=\"IMG_0392\" src=\"https:\/\/blog.chouynard.ca\/wp-content\/uploads\/2012\/06\/IMG_0392.jpg\" alt=\"\" width=\"3638\" height=\"1299\" srcset=\"https:\/\/blog.chouynard.ca\/wp-content\/uploads\/2012\/06\/IMG_0392.jpg 3638w, https:\/\/blog.chouynard.ca\/wp-content\/uploads\/2012\/06\/IMG_0392-300x107.jpg 300w, https:\/\/blog.chouynard.ca\/wp-content\/uploads\/2012\/06\/IMG_0392-1024x365.jpg 1024w\" sizes=\"auto, (max-width: 3638px) 100vw, 3638px\" \/><\/a><p id=\"caption-attachment-768\" class=\"wp-caption-text\">Le rassemblement du 22 juin 2012 devant le parlement de Qu\u00e9bec r\u00e9unissait fleurs de lys et carr\u00e9s rouges dans une ambiance des plus festives.<\/p><\/div>\n<p>&nbsp;<\/p>\n<p>Parlant de fleurs de lys, je profite de ce court article pour confirmer la publication d&rsquo;un nouveau carnet de voyage sur Qu\u00e9bec et sur les nombreuses <a href=\"https:\/\/blog.chouynard.ca\/?page_id=739\" target=\"_blank\">fleurs de lys de la Vieille Ville<\/a>.<\/p>\n<p>C&rsquo;est celui que j&rsquo;avais promis dans mon dernier article et qui fait le pendant d&rsquo;un carnet ant\u00e9rieur qui pr\u00e9sente les <a href=\"https:\/\/blog.chouynard.ca\/?page_id=630\" target=\"_blank\">fleurs de lys de la Nouvelle-Orl\u00e9ans<\/a>.<\/p>\n<p>Enjoy! comme disent ceux de l&rsquo;autre solitude.<!--more--><\/p>\n<p>La F\u00eate Nationale des Qu\u00e9b\u00e9cois est une occasion privil\u00e9gi\u00e9e pour les Qu\u00e9b\u00e9cois de c\u00e9l\u00e9brer leur nationalisme et, aussi beaucoup, le d\u00e9but de l&rsquo;\u00e9t\u00e9. La fleur de lys y est souvent vu comme l&#8217;embl\u00e8me de choix et le drapeau fleurdelis\u00e9 flotte un peu partout dans les villes et les villages du Qu\u00e9bec. Cette ann\u00e9e, en 2012, le d\u00e9but de l&rsquo;\u00e9t\u00e9 fait aussi place au fameux carr\u00e9 rouge, symbole de la lutte \u00e9tudiante mais aussi de l&rsquo;\u00e9coeurite aig\u00fce du bon peuple face aux dirigeants et aspirants dirigeants de la Belle Province.<\/p>\n","protected":false},"excerpt":{"rendered":"<p>La F\u00eate Nationale des Qu\u00e9b\u00e9cois est une occasion privil\u00e9gi\u00e9e pour les Qu\u00e9b\u00e9cois de c\u00e9l\u00e9brer leur nationalisme et, aussi beaucoup, le d\u00e9but de l&rsquo;\u00e9t\u00e9. La fleur de lys y est souvent vu comme l&#8217;embl\u00e8me de choix et le drapeau fleurdelis\u00e9 flotte un peu partout dans les villes et les villages du Qu\u00e9bec. Cette ann\u00e9e, en 2012, le d\u00e9but de l&rsquo;\u00e9t\u00e9 fait aussi place au fameux carr\u00e9 rouge, symbole de la lutte \u00e9tudiante mais aussi de l&rsquo;\u00e9coeurite aigue du bon peuple face aux dirigeants et aspirants dirigeants de la Belle Province. <a href=\"https:\/\/blog.chouynard.ca\/?p=767\">Continuer la lecture <span class=\"meta-nav\">&rarr;<\/span><\/a><\/p>\n","protected":false},"author":4,"featured_media":0,"comment_status":"open","ping_status":"open","sticky":false,"template":"","format":"standard","meta":{"ngg_post_thumbnail":0,"footnotes":""},"categories":[22,30],"tags":[],"class_list":["post-767","post","type-post","status-publish","format-standard","hentry","category-annonce","category-cest-la-vie"],"jetpack_featured_media_url":"","_links":{"self":[{"href":"https:\/\/blog.chouynard.ca\/index.php?rest_route=\/wp\/v2\/posts\/767","targetHints":{"allow":["GET"]}}],"collection":[{"href":"https:\/\/blog.chouynard.ca\/index.php?rest_route=\/wp\/v2\/posts"}],"about":[{"href":"https:\/\/blog.chouynard.ca\/index.php?rest_route=\/wp\/v2\/types\/post"}],"author":[{"embeddable":true,"href":"https:\/\/blog.chouynard.ca\/index.php?rest_route=\/wp\/v2\/users\/4"}],"replies":[{"embeddable":true,"href":"https:\/\/blog.chouynard.ca\/index.php?rest_route=%2Fwp%2Fv2%2Fcomments&post=767"}],"version-history":[{"count":16,"href":"https:\/\/blog.chouynard.ca\/index.php?rest_route=\/wp\/v2\/posts\/767\/revisions"}],"predecessor-version":[{"id":787,"href":"https:\/\/blog.chouynard.ca\/index.php?rest_route=\/wp\/v2\/posts\/767\/revisions\/787"}],"wp:attachment":[{"href":"https:\/\/blog.chouynard.ca\/index.php?rest_route=%2Fwp%2Fv2%2Fmedia&parent=767"}],"wp:term":[{"taxonomy":"category","embeddable":true,"href":"https:\/\/blog.chouynard.ca\/index.php?rest_route=%2Fwp%2Fv2%2Fcategories&post=767"},{"taxonomy":"post_tag","embeddable":true,"href":"https:\/\/blog.chouynard.ca\/index.php?rest_route=%2Fwp%2Fv2%2Ftags&post=767"}],"curies":[{"name":"wp","href":"https:\/\/api.w.org\/{rel}","templated":true}]}}