{"id":886,"date":"2012-10-08T12:01:05","date_gmt":"2012-10-08T16:01:05","guid":{"rendered":"https:\/\/blog.chouynard.ca\/?p=886"},"modified":"2012-10-20T18:03:54","modified_gmt":"2012-10-20T22:03:54","slug":"lecteur-electronique-ou-papier","status":"publish","type":"post","link":"https:\/\/blog.chouynard.ca\/?p=886","title":{"rendered":"Lecteur \u00e9lectronique ou papier?"},"content":{"rendered":"<p style=\"text-align: center;\"><strong><span style=\"font-family: Times New Roman,serif;\"><span style=\"font-size: medium;\">Le livre, plus encore que l&rsquo;assiette, ne prend tout sons sens que par ce qu&rsquo;il y a dedans.<\/span><\/span><\/strong><\/p>\n<p style=\"text-align: left;\"><span style=\"font-family: Times New Roman,serif;\"><span style=\"font-size: medium;\">(aphorisme personnel)<\/span><\/span><\/p>\n<div id=\"attachment_891\" style=\"width: 310px\" class=\"wp-caption alignleft\"><a href=\"https:\/\/blog.chouynard.ca\/wp-content\/uploads\/2012\/10\/LecteurTablo.jpg\"><img loading=\"lazy\" decoding=\"async\" aria-describedby=\"caption-attachment-891\" class=\"size-medium wp-image-891\" title=\"LecteurTablo\" src=\"https:\/\/blog.chouynard.ca\/wp-content\/uploads\/2012\/10\/LecteurTablo-300x225.jpg\" alt=\"\" width=\"300\" height=\"225\" srcset=\"https:\/\/blog.chouynard.ca\/wp-content\/uploads\/2012\/10\/LecteurTablo-300x225.jpg 300w, https:\/\/blog.chouynard.ca\/wp-content\/uploads\/2012\/10\/LecteurTablo-1024x768.jpg 1024w\" sizes=\"auto, (max-width: 300px) 100vw, 300px\" \/><\/a><p id=\"caption-attachment-891\" class=\"wp-caption-text\">Bon app\u00e9tit!<\/p><\/div>\n<p><span style=\"font-family: Times New Roman,serif;\"><span style=\"font-size: medium;\">J&rsquo;ai \u00e9t\u00e9 un peu surpris d&rsquo;entendre un invit\u00e9 de l&rsquo;\u00e9mission Tout le monde en parle (TLMEP) du 7 septembre 2012 s&rsquo;insurger contre la lecture sur support \u00e9lectronique. Cette discussion me semble st\u00e9rile au possible. OK, l&rsquo;invit\u00e9 en question, Fr\u00e9d\u00e9ric Beigbeder, est un auteur Fran\u00e7ais, d&rsquo;une ancienne tradition, probablement. Il a droit \u00e0 son opinion comme tout un chacun. <\/span><\/span><\/p>\n<p><span style=\"font-family: Times New Roman,serif;\"><span style=\"font-size: medium;\">Cependant, pour tout dire, son opinion du moment, elle s&rsquo;appuie bien s\u00fbr sur les arguments habituels d&rsquo;une telle rh\u00e9torique \u2013 on peut le toucher, le sentir, l&rsquo;annoter, c&rsquo;est un bel objet etc. &#8211; mais surtout sur le fait qu&rsquo;il lui faut tout simplement mousser la vente de son r\u00e9cent bouquin <\/span><\/span><em><span style=\"color: #000000;\"><span style=\"font-family: Times New Roman,serif;\"><span style=\"font-size: medium;\">Premier Bilan apr\u00e8s l&rsquo;Apocalypse <\/span><\/span><\/span><\/em><span style=\"color: #000000;\"><span style=\"font-family: Times New Roman,serif;\"><span style=\"font-size: medium;\">publi\u00e9 en 2011 chez Grasset.<\/span><\/span><\/span><em><\/em><\/p>\n<p><em><span style=\"color: #000000;\"><span style=\"font-family: Times New Roman,serif;\"><span style=\"font-size: medium;\">\u00abDe quel apocalypse au juste s&rsquo;agit-t-il?\u00bb<\/span><\/span><\/span><\/em><span style=\"color: #000000;\"><span style=\"font-family: Times New Roman,serif;\"><span style=\"font-size: medium;\"> lui demande l&rsquo;animateur.<!--more--><\/span><\/span><\/span><em><\/em><\/p>\n<p><em><span style=\"color: #000000;\"><span style=\"font-family: Times New Roman,serif;\"><span style=\"font-size: medium;\">\u00abLa destruction du livre sur papier; je trouve que c&rsquo;est une fin du monde\u00bb <\/span><\/span><\/span><\/em><span style=\"color: #000000;\"><span style=\"font-family: Times New Roman,serif;\"><span style=\"font-size: medium;\">r\u00e9pond-t-il. Son explication est celle qui revient habituellement de la part de ceux qui d\u00e9fendent le papier mais ce qui est aussi tr\u00e8s clair c&rsquo;est qu&rsquo;il a mis a profit la fin annonc\u00e9e du livre papier pour publier. Point!<\/span><\/span><\/span><em><\/em><\/p>\n<p><span style=\"color: #000000;\"><span style=\"font-family: Times New Roman,serif;\"><span style=\"font-size: medium;\">Et que contient sa sortie pamphl\u00e9taire? Essentiellement son propre palmar\u00e8s des 100 bouquins (en langue fran\u00e7aise et possiblement aussi en anglais) qu&rsquo;il faut absolument avoir lu. Il semble y avoir un peu de tout l\u00e0 dedans mais ce sont avant tout ses choix personnels et donc, un palmar\u00e8s tr\u00e8s subjectifs.<\/span><\/span><\/span><\/p>\n<p>On peut toutefois prendre connaissance des pages introductrices de ce livre en suivant le lien suivant vers le <a href=\"http:\/\/www.lexpress.fr\/culture\/livre\/les-trois-premieres-pages-de-premier-bilan-apres-l-apocalypse_1029661.html\" target=\"_blank\">magazine l&rsquo;Express<\/a>&#8230;version \u00e9lectronique.<\/p>\n<p>Quant \u00e0 moi, c&rsquo;est la lecture qui est importante et c&rsquo;est elle, sur papier, carton, tableau noir ou \u00e9cran, qu&rsquo;il importe d&rsquo;encourager. Bonne lecture!<\/p>\n","protected":false},"excerpt":{"rendered":"<p>\u00cates-vous de ceux qui ne peuvent sentir les liseuses \u00e9lectroniques ou qui ne peuvent imaginer lire un long texte sur \u00e9cran? L&rsquo;auteur Fr\u00e9d\u00e9ric Beigbeder, pour sa part, annonce la fin du monde du livre papier. Il pr\u00e9sentait \u00e0 l&rsquo;\u00e9mission Tout le monde en parle (TLMEP), hier soir 7 octobre 2012, son r\u00e9cent ouvrage \u00abPremier bilan apr\u00e8s l&rsquo;apocalypse\u00bb <a href=\"https:\/\/blog.chouynard.ca\/?p=886\">Continuer la lecture <span class=\"meta-nav\">&rarr;<\/span><\/a><\/p>\n","protected":false},"author":4,"featured_media":0,"comment_status":"open","ping_status":"open","sticky":false,"template":"","format":"standard","meta":{"ngg_post_thumbnail":0,"footnotes":""},"categories":[21,34],"tags":[83,7,35,84,82],"class_list":["post-886","post","type-post","status-publish","format-standard","hentry","category-billet-2","category-compte-rendu-de-lecture","tag-beigbeder","tag-billet","tag-carnet-de-lecture","tag-livre-electronique","tag-tlmep"],"jetpack_featured_media_url":"","_links":{"self":[{"href":"https:\/\/blog.chouynard.ca\/index.php?rest_route=\/wp\/v2\/posts\/886","targetHints":{"allow":["GET"]}}],"collection":[{"href":"https:\/\/blog.chouynard.ca\/index.php?rest_route=\/wp\/v2\/posts"}],"about":[{"href":"https:\/\/blog.chouynard.ca\/index.php?rest_route=\/wp\/v2\/types\/post"}],"author":[{"embeddable":true,"href":"https:\/\/blog.chouynard.ca\/index.php?rest_route=\/wp\/v2\/users\/4"}],"replies":[{"embeddable":true,"href":"https:\/\/blog.chouynard.ca\/index.php?rest_route=%2Fwp%2Fv2%2Fcomments&post=886"}],"version-history":[{"count":16,"href":"https:\/\/blog.chouynard.ca\/index.php?rest_route=\/wp\/v2\/posts\/886\/revisions"}],"predecessor-version":[{"id":901,"href":"https:\/\/blog.chouynard.ca\/index.php?rest_route=\/wp\/v2\/posts\/886\/revisions\/901"}],"wp:attachment":[{"href":"https:\/\/blog.chouynard.ca\/index.php?rest_route=%2Fwp%2Fv2%2Fmedia&parent=886"}],"wp:term":[{"taxonomy":"category","embeddable":true,"href":"https:\/\/blog.chouynard.ca\/index.php?rest_route=%2Fwp%2Fv2%2Fcategories&post=886"},{"taxonomy":"post_tag","embeddable":true,"href":"https:\/\/blog.chouynard.ca\/index.php?rest_route=%2Fwp%2Fv2%2Ftags&post=886"}],"curies":[{"name":"wp","href":"https:\/\/api.w.org\/{rel}","templated":true}]}}