{"id":982,"date":"2012-11-04T17:50:51","date_gmt":"2012-11-04T21:50:51","guid":{"rendered":"https:\/\/blog.chouynard.ca\/?p=982"},"modified":"2012-11-06T12:33:06","modified_gmt":"2012-11-06T16:33:06","slug":"liberez-nous-de-lautomne","status":"publish","type":"post","link":"https:\/\/blog.chouynard.ca\/?p=982","title":{"rendered":"Lib\u00e9rez-nous de l&rsquo;automne!"},"content":{"rendered":"<div id=\"attachment_985\" style=\"width: 650px\" class=\"wp-caption alignleft\"><a href=\"https:\/\/blog.chouynard.ca\/wp-content\/uploads\/2012\/11\/Boatgrisaille.jpg\"><img loading=\"lazy\" decoding=\"async\" aria-describedby=\"caption-attachment-985\" class=\"size-large wp-image-985\" title=\"Boat&amp;grisaille\" src=\"https:\/\/blog.chouynard.ca\/wp-content\/uploads\/2012\/11\/Boatgrisaille-1024x768.jpg\" alt=\"\" width=\"640\" height=\"480\" srcset=\"https:\/\/blog.chouynard.ca\/wp-content\/uploads\/2012\/11\/Boatgrisaille-1024x768.jpg 1024w, https:\/\/blog.chouynard.ca\/wp-content\/uploads\/2012\/11\/Boatgrisaille-300x225.jpg 300w\" sizes=\"auto, (max-width: 640px) 100vw, 640px\" \/><\/a><p id=\"caption-attachment-985\" class=\"wp-caption-text\">Le ciel s&rsquo;<em>engrisaille<\/em> au-dessus des voiliers en cale s\u00e8che : libert\u00e9 d&rsquo;automne.<\/p><\/div>\n<p>Amour et libert\u00e9 au Mus\u00e9e de la civilisation.<\/p>\n<p>Un \u00e9v\u00e9nement tr\u00e8s sp\u00e9cial, destin\u00e9 \u00e0 \u00e9loigner la grisaille automnale, se tient du 3 au 11 novembre 2012 au Mus\u00e9e de la civilisation de Qu\u00e9bec. Rendez-vous captivants et rencontres inusit\u00e9es s&rsquo;y succ\u00e8dent pour \u00e9mouvoir et faire r\u00e9fl\u00e9chir les participants autour du th\u00e8me universel de l&rsquo;amour. L&rsquo;\u00e9v\u00e9nement permettra aux participants de multiples \u00e9changes culturels et scientifiques autour d&rsquo;un th\u00e8me pour le moins troublant. <a href=\"http:\/\/www.mcq.org\/aimer\/index.html\" target=\"_blank\">Consulter la programmation.<\/a><\/p>\n<p>(<em>Psitttt : <\/em>J&rsquo;y pr\u00e9sente une de mes \u0153uvre le 8 novembre.)<!--more--><\/p>\n<p>Se joignant au concert de ces activit\u00e9s stimulantes, la Facult\u00e9 des lettres de l&rsquo;Universit\u00e9 Laval propose, pour sa part, une \u00abNuit de la libert\u00e9\u00bb aux accents d&rsquo;amour, de solidarit\u00e9 et de r\u00e9conciliation.<\/p>\n<p><a href=\"https:\/\/blog.chouynard.ca\/wp-content\/uploads\/2012\/11\/nuitdelaliberte.jpg\"><img loading=\"lazy\" decoding=\"async\" class=\"alignleft size-full wp-image-989\" title=\"nuitdelaliberte\" src=\"https:\/\/blog.chouynard.ca\/wp-content\/uploads\/2012\/11\/nuitdelaliberte.jpg\" alt=\"\" width=\"180\" height=\"128\" \/><\/a>La \u00abNuit de la libert\u00e9\u00bb, qui se tiendra le 8 novembre entre 14h et minuit au Mus\u00e9e de la civilisation, est ouverte \u00e0 tous et sa <a href=\"http:\/\/nuitdelaliberte.wikispaces.com\/Programme+Nuit+de+la+libert\u00e9+2012\" target=\"_blank\">programmation<\/a> est tr\u00e8s \u00e9labor\u00e9e. Ce sera l&rsquo;occasion d&rsquo;appr\u00e9cier, d&rsquo;\u00e9changer et de r\u00e9fl\u00e9chir autour de spectacles, de tables rondes, de projections et d&rsquo;expositions. En passant, ce jour-l\u00e0 seulement, toutes les salles du Mus\u00e9e seront ouvertes entre 17h et minuit. Et puisque l&rsquo;Association des dipl\u00f4m\u00e9s de l&rsquo;Universit\u00e9 Laval a invit\u00e9 ses membres volontaires \u00e0 contribuer \u00e0 cet \u00e9v\u00e9nement par la pr\u00e9sentation d&rsquo;une de leurs \u0153uvres, j&rsquo;ai accept\u00e9 l&rsquo;invitation avec plaisir.<\/p>\n<p>J&rsquo;aurai donc l&rsquo;occasion de mettre en valeur une de mes derni\u00e8res toiles, \u00abMyrtle Beach\u00bb, qui illustre \u00e0 sa mani\u00e8re l&rsquo;intensit\u00e9 peu commune de certains moments de libert\u00e9&#8230; Cette huile sur toile (40&Prime;x30&Prime;) a \u00e9t\u00e9 r\u00e9alis\u00e9 en 2012 aux <a href=\"http:\/\/www.teresapacheco.com\/cours.html\" target=\"_blank\">Ateliers T. Pacheco.<\/a><\/p>\n<p>C&rsquo;est sur la passerelle sup\u00e9rieure du hall du Mus\u00e9e, r\u00e9serv\u00e9e pour cette occasion, que seront pr\u00e9sent\u00e9es les \u0153uvres des anciens de Laval.<\/p>\n<p>J&rsquo;invite donc tous ceux qui en ont la possibilit\u00e9, mes amis, mes connaissances et, bien s\u00fbr, tous les visiteurs des <em>Chouynardises etc.<\/em> \u00e0 venir participer \u00e0 la \u00abNuit de la libert\u00e9\u00bb ou \u00e0 tout le moins, \u00e0 passer me dire bonjour sur la passerelle du hall du Mus\u00e9e.<\/p>\n<p>&nbsp;<\/p>\n","protected":false},"excerpt":{"rendered":"<p>Yvan Chouinard (ych) pr\u00e9sentera \u00abMyrtle Beach\u00bb, une des ses derni\u00e8res \u0153uvres picturales, au Mus\u00e9e de la civilisation le 8 novembre 2012, dans le cadre de la \u00abNuit de la libert\u00e9\u00bb organis\u00e9e par la Facult\u00e9 des lettres de l&rsquo;Universit\u00e9 Laval. <a href=\"https:\/\/blog.chouynard.ca\/?p=982\">Continuer la lecture <span class=\"meta-nav\">&rarr;<\/span><\/a><\/p>\n","protected":false},"author":4,"featured_media":0,"comment_status":"open","ping_status":"open","sticky":false,"template":"","format":"standard","meta":{"ngg_post_thumbnail":0,"footnotes":""},"categories":[22],"tags":[42,40,43,41,87,144],"class_list":["post-982","post","type-post","status-publish","format-standard","hentry","category-annonce","tag-adul","tag-arts-visuels","tag-ateliers-t-pacheco","tag-exposition","tag-musee-de-la-civilisation","tag-toile-ych"],"jetpack_featured_media_url":"","_links":{"self":[{"href":"https:\/\/blog.chouynard.ca\/index.php?rest_route=\/wp\/v2\/posts\/982","targetHints":{"allow":["GET"]}}],"collection":[{"href":"https:\/\/blog.chouynard.ca\/index.php?rest_route=\/wp\/v2\/posts"}],"about":[{"href":"https:\/\/blog.chouynard.ca\/index.php?rest_route=\/wp\/v2\/types\/post"}],"author":[{"embeddable":true,"href":"https:\/\/blog.chouynard.ca\/index.php?rest_route=\/wp\/v2\/users\/4"}],"replies":[{"embeddable":true,"href":"https:\/\/blog.chouynard.ca\/index.php?rest_route=%2Fwp%2Fv2%2Fcomments&post=982"}],"version-history":[{"count":43,"href":"https:\/\/blog.chouynard.ca\/index.php?rest_route=\/wp\/v2\/posts\/982\/revisions"}],"predecessor-version":[{"id":1025,"href":"https:\/\/blog.chouynard.ca\/index.php?rest_route=\/wp\/v2\/posts\/982\/revisions\/1025"}],"wp:attachment":[{"href":"https:\/\/blog.chouynard.ca\/index.php?rest_route=%2Fwp%2Fv2%2Fmedia&parent=982"}],"wp:term":[{"taxonomy":"category","embeddable":true,"href":"https:\/\/blog.chouynard.ca\/index.php?rest_route=%2Fwp%2Fv2%2Fcategories&post=982"},{"taxonomy":"post_tag","embeddable":true,"href":"https:\/\/blog.chouynard.ca\/index.php?rest_route=%2Fwp%2Fv2%2Ftags&post=982"}],"curies":[{"name":"wp","href":"https:\/\/api.w.org\/{rel}","templated":true}]}}